{"id":8357,"date":"2015-11-30T12:43:39","date_gmt":"2015-11-30T11:43:39","guid":{"rendered":"https:\/\/www.posytronacademy.it\/?p=8357"},"modified":"2015-11-30T14:23:52","modified_gmt":"2015-11-30T13:23:52","slug":"italia-un-paese-avaro-con-i-giovani-forse-si-ma","status":"publish","type":"post","link":"https:\/\/www.posytronacademy.it\/index.php\/italia-un-paese-avaro-con-i-giovani-forse-si-ma\/","title":{"rendered":"Italia, un Paese avaro con i giovani? Forse si, ma&#8230;"},"content":{"rendered":"<p><strong>Per i giovani <\/strong>\u201c<strong>si \u00e8 fatto troppo poco come Paese<\/strong> e il doloroso segno di questo arretramento \u00e8 una diaspora dei migliori e dei pi\u00f9 competitivi, che lasciano un Paese avaro, che non sa trattenerli\u201d: cos\u00ec si \u00e8 espresso il <strong>presidente di Confindustria, Giorgio Squinzi<\/strong>, rivolgendosi agli studenti che hanno partecipato alla recente giornata <strong>Orientagiovani <\/strong>a Milano (fonte: Corriere.it\u00a0<a style=\"color: #3366ff; text-decoration: none; font-weight: bold;\" target=\"_blank\">qui<\/a>).<\/p>\n<p>Se \u00e8 vero che la \u201cfuga di cervelli\u201d \u00e8 un fenomeno con numeri oggi importanti, \u00e8 altrettanto vero che <strong>le opportunit\u00e0 per lavorare e affermarsi in Italia non mancano<\/strong>. Lo ha sottolineato nello stesso incontro <strong>Gianfelice Rocca, Presidente di Assolombarda<\/strong> Confindustria Milano Monza e Brianza, ricordando che <strong>oggi in Italia mancano all\u2019appello circa 100.000 tecnici<\/strong>, ovvero profili professionali specialistici, in grado di seguire attivit\u00e0 e processi ad alto contenuto tecnologico, innescando nelle imprese la scintilla dell\u2019innovazione.<\/p>\n<p>E, riferendosi all\u2019Industria 4.0 e alle Smart Factory, Rocca ha spiegato che <strong>le figure professionali pi\u00f9 ricercate<\/strong> nel prossimo futuro saranno riconducibili a tre filoni: il trattamento e l\u2019analisi delle <strong>informazioni<\/strong>, la progettazione <strong>di applicazioni associate ai nuovi media e ai social network<\/strong>, l\u2019automazione dei <strong>processi produttivi e logistici<\/strong> (fonte: Assolombarda <a style=\"color: #3366ff; text-decoration: none; font-weight: bold;\" target=\"_blank\" media=\"\">qui<\/a>).<\/p>\n<p>&nbsp;<\/p>\n<p><strong>Come prepararsi a questo futuro?<\/strong> Iniziando subito a trasformare le proprie competenze digitali in una professione di successo!<\/p>\n<p>Consultate il catalogo dei <strong>Corsi di Alta Formazione Universitaria<\/strong> (<a style=\"color: #3366ff; text-decoration: none; font-weight: bold;\" target=\"_blank\">qui<\/a>) \u2013 sono gi\u00e0 aperte le iscrizioni per i Corsi in partenza a <strong>gennaio 2016<\/strong>!<\/p>\n","protected":false},"excerpt":{"rendered":"<p>Le figure professionali pi\u00f9 ricercate nel prossimo futuro? Non ha dubbi il Presidente Gianfelice Rocca, esperti del trattamento e l\u2019analisi delle informazioni, progettazione di applicazioni associate ai nuovi media e ai social network, automazione dei processi produttivi e logistici. <\/p>\n","protected":false},"author":1,"featured_media":8361,"comment_status":"closed","ping_status":"closed","sticky":false,"template":"","format":"standard","meta":{"_acf_changed":false,"footnotes":""},"categories":[1],"tags":[],"class_list":["post-8357","post","type-post","status-publish","format-standard","has-post-thumbnail","hentry","category-blog"],"acf":[],"yoast_head":"<!-- This site is optimized with the Yoast SEO plugin v28.1 - https:\/\/yoast.com\/product\/yoast-seo-wordpress\/ -->\n<title>Italia, un Paese avaro con i giovani? Forse si, ma...<\/title>\n<meta name=\"description\" content=\"Oggi in Italia mancano all\u2019appello circa 100.000 tecnici, giovani in grado di seguire attivit\u00e0 e processi ad alto contenuto tecnologico...\" \/>\n<meta name=\"robots\" content=\"index, follow, max-snippet:-1, max-image-preview:large, max-video-preview:-1\" \/>\n<link rel=\"canonical\" href=\"https:\/\/www.posytronacademy.it\/index.php\/italia-un-paese-avaro-con-i-giovani-forse-si-ma\/\" \/>\n<meta property=\"og:locale\" content=\"it_IT\" \/>\n<meta property=\"og:type\" content=\"article\" \/>\n<meta property=\"og:title\" content=\"Italia, un Paese avaro con i giovani? Forse si, ma...\" \/>\n<meta property=\"og:description\" content=\"Oggi in Italia mancano all\u2019appello circa 100.000 tecnici, giovani in grado di seguire attivit\u00e0 e processi ad alto contenuto tecnologico...\" \/>\n<meta property=\"og:url\" content=\"https:\/\/www.posytronacademy.it\/index.php\/italia-un-paese-avaro-con-i-giovani-forse-si-ma\/\" \/>\n<meta property=\"og:site_name\" content=\"Posytron Digital Academy\" \/>\n<meta property=\"article:publisher\" content=\"https:\/\/www.facebook.com\/posytrondigitalacademy\" \/>\n<meta property=\"article:published_time\" content=\"2015-11-30T11:43:39+00:00\" \/>\n<meta property=\"article:modified_time\" content=\"2015-11-30T13:23:52+00:00\" \/>\n<meta property=\"og:image\" content=\"https:\/\/www.posytronacademy.it\/wp-content\/uploads\/2015\/11\/startup-594090_640.jpg\" \/>\n\t<meta property=\"og:image:width\" content=\"640\" \/>\n\t<meta property=\"og:image:height\" content=\"426\" \/>\n\t<meta property=\"og:image:type\" content=\"image\/jpeg\" \/>\n<meta name=\"author\" content=\"admin\" \/>\n<meta name=\"twitter:card\" content=\"summary_large_image\" \/>\n<meta name=\"twitter:creator\" content=\"@posytronacademy\" \/>\n<meta name=\"twitter:site\" content=\"@posytronacademy\" \/>\n<meta name=\"twitter:label1\" content=\"Scritto da\" \/>\n\t<meta name=\"twitter:data1\" content=\"admin\" \/>\n\t<meta name=\"twitter:label2\" content=\"Tempo di lettura stimato\" \/>\n\t<meta name=\"twitter:data2\" content=\"1 minuto\" \/>\n<script type=\"application\/ld+json\" class=\"yoast-schema-graph\">{\"@context\":\"https:\\\/\\\/schema.org\",\"@graph\":[{\"@type\":\"Article\",\"@id\":\"https:\\\/\\\/www.posytronacademy.it\\\/index.php\\\/italia-un-paese-avaro-con-i-giovani-forse-si-ma\\\/#article\",\"isPartOf\":{\"@id\":\"https:\\\/\\\/www.posytronacademy.it\\\/index.php\\\/italia-un-paese-avaro-con-i-giovani-forse-si-ma\\\/\"},\"author\":{\"name\":\"admin\",\"@id\":\"https:\\\/\\\/www.posytronacademy.it\\\/#\\\/schema\\\/person\\\/09c3e64f7f9b14c8b1eea6c7393222c1\"},\"headline\":\"Italia, un Paese avaro con i giovani? Forse si, ma&#8230;\",\"datePublished\":\"2015-11-30T11:43:39+00:00\",\"dateModified\":\"2015-11-30T13:23:52+00:00\",\"mainEntityOfPage\":{\"@id\":\"https:\\\/\\\/www.posytronacademy.it\\\/index.php\\\/italia-un-paese-avaro-con-i-giovani-forse-si-ma\\\/\"},\"wordCount\":237,\"image\":{\"@id\":\"https:\\\/\\\/www.posytronacademy.it\\\/index.php\\\/italia-un-paese-avaro-con-i-giovani-forse-si-ma\\\/#primaryimage\"},\"thumbnailUrl\":\"https:\\\/\\\/www.posytronacademy.it\\\/wp-content\\\/uploads\\\/2015\\\/11\\\/startup-594090_640.jpg\",\"articleSection\":[\"Blog\"],\"inLanguage\":\"it-IT\"},{\"@type\":\"WebPage\",\"@id\":\"https:\\\/\\\/www.posytronacademy.it\\\/index.php\\\/italia-un-paese-avaro-con-i-giovani-forse-si-ma\\\/\",\"url\":\"https:\\\/\\\/www.posytronacademy.it\\\/index.php\\\/italia-un-paese-avaro-con-i-giovani-forse-si-ma\\\/\",\"name\":\"Italia, un Paese avaro con i giovani? Forse si, ma...\",\"isPartOf\":{\"@id\":\"https:\\\/\\\/www.posytronacademy.it\\\/#website\"},\"primaryImageOfPage\":{\"@id\":\"https:\\\/\\\/www.posytronacademy.it\\\/index.php\\\/italia-un-paese-avaro-con-i-giovani-forse-si-ma\\\/#primaryimage\"},\"image\":{\"@id\":\"https:\\\/\\\/www.posytronacademy.it\\\/index.php\\\/italia-un-paese-avaro-con-i-giovani-forse-si-ma\\\/#primaryimage\"},\"thumbnailUrl\":\"https:\\\/\\\/www.posytronacademy.it\\\/wp-content\\\/uploads\\\/2015\\\/11\\\/startup-594090_640.jpg\",\"datePublished\":\"2015-11-30T11:43:39+00:00\",\"dateModified\":\"2015-11-30T13:23:52+00:00\",\"author\":{\"@id\":\"https:\\\/\\\/www.posytronacademy.it\\\/#\\\/schema\\\/person\\\/09c3e64f7f9b14c8b1eea6c7393222c1\"},\"description\":\"Oggi in Italia mancano all\u2019appello circa 100.000 tecnici, giovani in grado di seguire attivit\u00e0 e processi ad alto contenuto tecnologico...\",\"breadcrumb\":{\"@id\":\"https:\\\/\\\/www.posytronacademy.it\\\/index.php\\\/italia-un-paese-avaro-con-i-giovani-forse-si-ma\\\/#breadcrumb\"},\"inLanguage\":\"it-IT\",\"potentialAction\":[{\"@type\":\"ReadAction\",\"target\":[\"https:\\\/\\\/www.posytronacademy.it\\\/index.php\\\/italia-un-paese-avaro-con-i-giovani-forse-si-ma\\\/\"]}]},{\"@type\":\"ImageObject\",\"inLanguage\":\"it-IT\",\"@id\":\"https:\\\/\\\/www.posytronacademy.it\\\/index.php\\\/italia-un-paese-avaro-con-i-giovani-forse-si-ma\\\/#primaryimage\",\"url\":\"https:\\\/\\\/www.posytronacademy.it\\\/wp-content\\\/uploads\\\/2015\\\/11\\\/startup-594090_640.jpg\",\"contentUrl\":\"https:\\\/\\\/www.posytronacademy.it\\\/wp-content\\\/uploads\\\/2015\\\/11\\\/startup-594090_640.jpg\",\"width\":640,\"height\":426},{\"@type\":\"BreadcrumbList\",\"@id\":\"https:\\\/\\\/www.posytronacademy.it\\\/index.php\\\/italia-un-paese-avaro-con-i-giovani-forse-si-ma\\\/#breadcrumb\",\"itemListElement\":[{\"@type\":\"ListItem\",\"position\":1,\"name\":\"Home\",\"item\":\"https:\\\/\\\/www.posytronacademy.it\\\/\"},{\"@type\":\"ListItem\",\"position\":2,\"name\":\"Italia, un Paese avaro con i giovani? Forse si, ma&#8230;\"}]},{\"@type\":\"WebSite\",\"@id\":\"https:\\\/\\\/www.posytronacademy.it\\\/#website\",\"url\":\"https:\\\/\\\/www.posytronacademy.it\\\/\",\"name\":\"Posytron Digital Academy\",\"description\":\"La scuola sul Digitale per la Digital Transformation, corsi, master, alta formazione universitaria, seminari, word show e webinar.\",\"potentialAction\":[{\"@type\":\"SearchAction\",\"target\":{\"@type\":\"EntryPoint\",\"urlTemplate\":\"https:\\\/\\\/www.posytronacademy.it\\\/?s={search_term_string}\"},\"query-input\":{\"@type\":\"PropertyValueSpecification\",\"valueRequired\":true,\"valueName\":\"search_term_string\"}}],\"inLanguage\":\"it-IT\"},{\"@type\":\"Person\",\"@id\":\"https:\\\/\\\/www.posytronacademy.it\\\/#\\\/schema\\\/person\\\/09c3e64f7f9b14c8b1eea6c7393222c1\",\"name\":\"admin\",\"image\":{\"@type\":\"ImageObject\",\"inLanguage\":\"it-IT\",\"@id\":\"https:\\\/\\\/secure.gravatar.com\\\/avatar\\\/2644b46acf6889fb2c66985fbd1d7460e31c2d754d58d28630243e110f2de356?s=96&d=mm&r=g\",\"url\":\"https:\\\/\\\/secure.gravatar.com\\\/avatar\\\/2644b46acf6889fb2c66985fbd1d7460e31c2d754d58d28630243e110f2de356?s=96&d=mm&r=g\",\"contentUrl\":\"https:\\\/\\\/secure.gravatar.com\\\/avatar\\\/2644b46acf6889fb2c66985fbd1d7460e31c2d754d58d28630243e110f2de356?s=96&d=mm&r=g\",\"caption\":\"admin\"},\"url\":\"https:\\\/\\\/www.posytronacademy.it\\\/index.php\\\/author\\\/admin\\\/\"}]}<\/script>\n<!-- \/ Yoast SEO plugin. -->","yoast_head_json":{"title":"Italia, un Paese avaro con i giovani? Forse si, ma...","description":"Oggi in Italia mancano all\u2019appello circa 100.000 tecnici, giovani in grado di seguire attivit\u00e0 e processi ad alto contenuto tecnologico...","robots":{"index":"index","follow":"follow","max-snippet":"max-snippet:-1","max-image-preview":"max-image-preview:large","max-video-preview":"max-video-preview:-1"},"canonical":"https:\/\/www.posytronacademy.it\/index.php\/italia-un-paese-avaro-con-i-giovani-forse-si-ma\/","og_locale":"it_IT","og_type":"article","og_title":"Italia, un Paese avaro con i giovani? Forse si, ma...","og_description":"Oggi in Italia mancano all\u2019appello circa 100.000 tecnici, giovani in grado di seguire attivit\u00e0 e processi ad alto contenuto tecnologico...","og_url":"https:\/\/www.posytronacademy.it\/index.php\/italia-un-paese-avaro-con-i-giovani-forse-si-ma\/","og_site_name":"Posytron Digital Academy","article_publisher":"https:\/\/www.facebook.com\/posytrondigitalacademy","article_published_time":"2015-11-30T11:43:39+00:00","article_modified_time":"2015-11-30T13:23:52+00:00","og_image":[{"width":640,"height":426,"url":"https:\/\/www.posytronacademy.it\/wp-content\/uploads\/2015\/11\/startup-594090_640.jpg","type":"image\/jpeg"}],"author":"admin","twitter_card":"summary_large_image","twitter_creator":"@posytronacademy","twitter_site":"@posytronacademy","twitter_misc":{"Scritto da":"admin","Tempo di lettura stimato":"1 minuto"},"schema":{"@context":"https:\/\/schema.org","@graph":[{"@type":"Article","@id":"https:\/\/www.posytronacademy.it\/index.php\/italia-un-paese-avaro-con-i-giovani-forse-si-ma\/#article","isPartOf":{"@id":"https:\/\/www.posytronacademy.it\/index.php\/italia-un-paese-avaro-con-i-giovani-forse-si-ma\/"},"author":{"name":"admin","@id":"https:\/\/www.posytronacademy.it\/#\/schema\/person\/09c3e64f7f9b14c8b1eea6c7393222c1"},"headline":"Italia, un Paese avaro con i giovani? Forse si, ma&#8230;","datePublished":"2015-11-30T11:43:39+00:00","dateModified":"2015-11-30T13:23:52+00:00","mainEntityOfPage":{"@id":"https:\/\/www.posytronacademy.it\/index.php\/italia-un-paese-avaro-con-i-giovani-forse-si-ma\/"},"wordCount":237,"image":{"@id":"https:\/\/www.posytronacademy.it\/index.php\/italia-un-paese-avaro-con-i-giovani-forse-si-ma\/#primaryimage"},"thumbnailUrl":"https:\/\/www.posytronacademy.it\/wp-content\/uploads\/2015\/11\/startup-594090_640.jpg","articleSection":["Blog"],"inLanguage":"it-IT"},{"@type":"WebPage","@id":"https:\/\/www.posytronacademy.it\/index.php\/italia-un-paese-avaro-con-i-giovani-forse-si-ma\/","url":"https:\/\/www.posytronacademy.it\/index.php\/italia-un-paese-avaro-con-i-giovani-forse-si-ma\/","name":"Italia, un Paese avaro con i giovani? Forse si, ma...","isPartOf":{"@id":"https:\/\/www.posytronacademy.it\/#website"},"primaryImageOfPage":{"@id":"https:\/\/www.posytronacademy.it\/index.php\/italia-un-paese-avaro-con-i-giovani-forse-si-ma\/#primaryimage"},"image":{"@id":"https:\/\/www.posytronacademy.it\/index.php\/italia-un-paese-avaro-con-i-giovani-forse-si-ma\/#primaryimage"},"thumbnailUrl":"https:\/\/www.posytronacademy.it\/wp-content\/uploads\/2015\/11\/startup-594090_640.jpg","datePublished":"2015-11-30T11:43:39+00:00","dateModified":"2015-11-30T13:23:52+00:00","author":{"@id":"https:\/\/www.posytronacademy.it\/#\/schema\/person\/09c3e64f7f9b14c8b1eea6c7393222c1"},"description":"Oggi in Italia mancano all\u2019appello circa 100.000 tecnici, giovani in grado di seguire attivit\u00e0 e processi ad alto contenuto tecnologico...","breadcrumb":{"@id":"https:\/\/www.posytronacademy.it\/index.php\/italia-un-paese-avaro-con-i-giovani-forse-si-ma\/#breadcrumb"},"inLanguage":"it-IT","potentialAction":[{"@type":"ReadAction","target":["https:\/\/www.posytronacademy.it\/index.php\/italia-un-paese-avaro-con-i-giovani-forse-si-ma\/"]}]},{"@type":"ImageObject","inLanguage":"it-IT","@id":"https:\/\/www.posytronacademy.it\/index.php\/italia-un-paese-avaro-con-i-giovani-forse-si-ma\/#primaryimage","url":"https:\/\/www.posytronacademy.it\/wp-content\/uploads\/2015\/11\/startup-594090_640.jpg","contentUrl":"https:\/\/www.posytronacademy.it\/wp-content\/uploads\/2015\/11\/startup-594090_640.jpg","width":640,"height":426},{"@type":"BreadcrumbList","@id":"https:\/\/www.posytronacademy.it\/index.php\/italia-un-paese-avaro-con-i-giovani-forse-si-ma\/#breadcrumb","itemListElement":[{"@type":"ListItem","position":1,"name":"Home","item":"https:\/\/www.posytronacademy.it\/"},{"@type":"ListItem","position":2,"name":"Italia, un Paese avaro con i giovani? Forse si, ma&#8230;"}]},{"@type":"WebSite","@id":"https:\/\/www.posytronacademy.it\/#website","url":"https:\/\/www.posytronacademy.it\/","name":"Posytron Digital Academy","description":"La scuola sul Digitale per la Digital Transformation, corsi, master, alta formazione universitaria, seminari, word show e webinar.","potentialAction":[{"@type":"SearchAction","target":{"@type":"EntryPoint","urlTemplate":"https:\/\/www.posytronacademy.it\/?s={search_term_string}"},"query-input":{"@type":"PropertyValueSpecification","valueRequired":true,"valueName":"search_term_string"}}],"inLanguage":"it-IT"},{"@type":"Person","@id":"https:\/\/www.posytronacademy.it\/#\/schema\/person\/09c3e64f7f9b14c8b1eea6c7393222c1","name":"admin","image":{"@type":"ImageObject","inLanguage":"it-IT","@id":"https:\/\/secure.gravatar.com\/avatar\/2644b46acf6889fb2c66985fbd1d7460e31c2d754d58d28630243e110f2de356?s=96&d=mm&r=g","url":"https:\/\/secure.gravatar.com\/avatar\/2644b46acf6889fb2c66985fbd1d7460e31c2d754d58d28630243e110f2de356?s=96&d=mm&r=g","contentUrl":"https:\/\/secure.gravatar.com\/avatar\/2644b46acf6889fb2c66985fbd1d7460e31c2d754d58d28630243e110f2de356?s=96&d=mm&r=g","caption":"admin"},"url":"https:\/\/www.posytronacademy.it\/index.php\/author\/admin\/"}]}},"_links":{"self":[{"href":"https:\/\/www.posytronacademy.it\/index.php\/wp-json\/wp\/v2\/posts\/8357","targetHints":{"allow":["GET"]}}],"collection":[{"href":"https:\/\/www.posytronacademy.it\/index.php\/wp-json\/wp\/v2\/posts"}],"about":[{"href":"https:\/\/www.posytronacademy.it\/index.php\/wp-json\/wp\/v2\/types\/post"}],"author":[{"embeddable":true,"href":"https:\/\/www.posytronacademy.it\/index.php\/wp-json\/wp\/v2\/users\/1"}],"replies":[{"embeddable":true,"href":"https:\/\/www.posytronacademy.it\/index.php\/wp-json\/wp\/v2\/comments?post=8357"}],"version-history":[{"count":4,"href":"https:\/\/www.posytronacademy.it\/index.php\/wp-json\/wp\/v2\/posts\/8357\/revisions"}],"predecessor-version":[{"id":8363,"href":"https:\/\/www.posytronacademy.it\/index.php\/wp-json\/wp\/v2\/posts\/8357\/revisions\/8363"}],"wp:featuredmedia":[{"embeddable":true,"href":"https:\/\/www.posytronacademy.it\/index.php\/wp-json\/wp\/v2\/media\/8361"}],"wp:attachment":[{"href":"https:\/\/www.posytronacademy.it\/index.php\/wp-json\/wp\/v2\/media?parent=8357"}],"wp:term":[{"taxonomy":"category","embeddable":true,"href":"https:\/\/www.posytronacademy.it\/index.php\/wp-json\/wp\/v2\/categories?post=8357"},{"taxonomy":"post_tag","embeddable":true,"href":"https:\/\/www.posytronacademy.it\/index.php\/wp-json\/wp\/v2\/tags?post=8357"}],"curies":[{"name":"wp","href":"https:\/\/api.w.org\/{rel}","templated":true}]}}